{"id":249,"date":"2019-07-23T13:56:38","date_gmt":"2019-07-23T11:56:38","guid":{"rendered":"http:\/\/www.fv-hafen.de\/?p=249"},"modified":"2024-09-04T08:24:37","modified_gmt":"2024-09-04T06:24:37","slug":"historie","status":"publish","type":"post","link":"https:\/\/mystifying-pike.212-227-55-109.plesk.page\/?p=249","title":{"rendered":"Historie"},"content":{"rendered":"\n<h4 class=\"wp-block-heading\">chronik von 1949 bis 2019<\/h4>\n\n\n\n<p>1949 erfolgte die Gr\u00fcndung der BSG Hafen Dresden, mit einer Sektion Fu\u00dfball.<\/p>\n\n\n\n<figure class=\"wp-block-gallery has-nested-images columns-default is-cropped wp-block-gallery-1 is-layout-flex wp-block-gallery-is-layout-flex\">\n<figure class=\"wp-block-image size-large\"><a href=\"https:\/\/mystifying-pike.212-227-55-109.plesk.page\/wp-content\/uploads\/2019\/07\/1959.jpg\"><img loading=\"lazy\" decoding=\"async\" width=\"1024\" height=\"707\" data-id=\"421\" src=\"https:\/\/mystifying-pike.212-227-55-109.plesk.page\/wp-content\/uploads\/2019\/07\/1959-1024x707.jpg\" alt=\"\" class=\"wp-image-421\" srcset=\"https:\/\/mystifying-pike.212-227-55-109.plesk.page\/wp-content\/uploads\/2019\/07\/1959-1024x707.jpg 1024w, https:\/\/mystifying-pike.212-227-55-109.plesk.page\/wp-content\/uploads\/2019\/07\/1959-300x207.jpg 300w, https:\/\/mystifying-pike.212-227-55-109.plesk.page\/wp-content\/uploads\/2019\/07\/1959-768x530.jpg 768w, https:\/\/mystifying-pike.212-227-55-109.plesk.page\/wp-content\/uploads\/2019\/07\/1959-508x351.jpg 508w, https:\/\/mystifying-pike.212-227-55-109.plesk.page\/wp-content\/uploads\/2019\/07\/1959.jpg 1228w\" sizes=\"auto, (max-width: 1024px) 100vw, 1024px\" \/><\/a><figcaption class=\"wp-element-caption\">Mannschaft 1959<\/figcaption><\/figure>\n\n\n\n<figure class=\"wp-block-image size-large\"><a href=\"https:\/\/mystifying-pike.212-227-55-109.plesk.page\/wp-content\/uploads\/2019\/07\/1964.jpg\"><img loading=\"lazy\" decoding=\"async\" width=\"1024\" height=\"664\" data-id=\"422\" src=\"https:\/\/mystifying-pike.212-227-55-109.plesk.page\/wp-content\/uploads\/2019\/07\/1964-1024x664.jpg\" alt=\"\" class=\"wp-image-422\" srcset=\"https:\/\/mystifying-pike.212-227-55-109.plesk.page\/wp-content\/uploads\/2019\/07\/1964-1024x664.jpg 1024w, https:\/\/mystifying-pike.212-227-55-109.plesk.page\/wp-content\/uploads\/2019\/07\/1964-300x195.jpg 300w, https:\/\/mystifying-pike.212-227-55-109.plesk.page\/wp-content\/uploads\/2019\/07\/1964-768x498.jpg 768w, https:\/\/mystifying-pike.212-227-55-109.plesk.page\/wp-content\/uploads\/2019\/07\/1964-508x329.jpg 508w, https:\/\/mystifying-pike.212-227-55-109.plesk.page\/wp-content\/uploads\/2019\/07\/1964.jpg 1144w\" sizes=\"auto, (max-width: 1024px) 100vw, 1024px\" \/><\/a><figcaption class=\"wp-element-caption\">Mannschaft 1964<\/figcaption><\/figure>\n\n\n\n<figure class=\"wp-block-image size-large\"><a href=\"https:\/\/mystifying-pike.212-227-55-109.plesk.page\/wp-content\/uploads\/2019\/07\/bsg-1.jpg\"><img loading=\"lazy\" decoding=\"async\" width=\"631\" height=\"1024\" data-id=\"449\" src=\"https:\/\/mystifying-pike.212-227-55-109.plesk.page\/wp-content\/uploads\/2019\/07\/bsg-1-631x1024.jpg\" alt=\"\" class=\"wp-image-449\" srcset=\"https:\/\/mystifying-pike.212-227-55-109.plesk.page\/wp-content\/uploads\/2019\/07\/bsg-1-631x1024.jpg 631w, https:\/\/mystifying-pike.212-227-55-109.plesk.page\/wp-content\/uploads\/2019\/07\/bsg-1-185x300.jpg 185w, https:\/\/mystifying-pike.212-227-55-109.plesk.page\/wp-content\/uploads\/2019\/07\/bsg-1-768x1245.jpg 768w, https:\/\/mystifying-pike.212-227-55-109.plesk.page\/wp-content\/uploads\/2019\/07\/bsg-1-1240x2011.jpg 1240w, https:\/\/mystifying-pike.212-227-55-109.plesk.page\/wp-content\/uploads\/2019\/07\/bsg-1-508x824.jpg 508w\" sizes=\"auto, (max-width: 631px) 100vw, 631px\" \/><\/a><figcaption class=\"wp-element-caption\">Wimpel BSG<\/figcaption><\/figure>\n\n\n\n<figure class=\"wp-block-image size-large\"><a href=\"https:\/\/mystifying-pike.212-227-55-109.plesk.page\/wp-content\/uploads\/2019\/07\/stempel-1.jpg\"><img loading=\"lazy\" decoding=\"async\" width=\"1024\" height=\"957\" data-id=\"450\" src=\"https:\/\/mystifying-pike.212-227-55-109.plesk.page\/wp-content\/uploads\/2019\/07\/stempel-1-1024x957.jpg\" alt=\"\" class=\"wp-image-450\" srcset=\"https:\/\/mystifying-pike.212-227-55-109.plesk.page\/wp-content\/uploads\/2019\/07\/stempel-1-1024x957.jpg 1024w, https:\/\/mystifying-pike.212-227-55-109.plesk.page\/wp-content\/uploads\/2019\/07\/stempel-1-300x280.jpg 300w, https:\/\/mystifying-pike.212-227-55-109.plesk.page\/wp-content\/uploads\/2019\/07\/stempel-1-768x718.jpg 768w, https:\/\/mystifying-pike.212-227-55-109.plesk.page\/wp-content\/uploads\/2019\/07\/stempel-1-1240x1159.jpg 1240w, https:\/\/mystifying-pike.212-227-55-109.plesk.page\/wp-content\/uploads\/2019\/07\/stempel-1-508x475.jpg 508w, https:\/\/mystifying-pike.212-227-55-109.plesk.page\/wp-content\/uploads\/2019\/07\/stempel-1.jpg 1928w\" sizes=\"auto, (max-width: 1024px) 100vw, 1024px\" \/><\/a><\/figure>\n<\/figure>\n\n\n\n<p>1967\nerfolgte der Zusammenschluss mit der Fu\u00dfballsektion Dresden-Mitte unter\nBeibehaltung des Namens BSG Hafen Dresden.<\/p>\n\n\n\n<figure class=\"wp-block-gallery has-nested-images columns-default is-cropped wp-block-gallery-2 is-layout-flex wp-block-gallery-is-layout-flex\">\n<figure class=\"wp-block-image size-large\"><a href=\"https:\/\/mystifying-pike.212-227-55-109.plesk.page\/wp-content\/uploads\/2019\/07\/1967.jpg\"><img loading=\"lazy\" decoding=\"async\" width=\"1024\" height=\"701\" data-id=\"423\" src=\"https:\/\/mystifying-pike.212-227-55-109.plesk.page\/wp-content\/uploads\/2019\/07\/1967-1024x701.jpg\" alt=\"\" class=\"wp-image-423\" srcset=\"https:\/\/mystifying-pike.212-227-55-109.plesk.page\/wp-content\/uploads\/2019\/07\/1967-1024x701.jpg 1024w, https:\/\/mystifying-pike.212-227-55-109.plesk.page\/wp-content\/uploads\/2019\/07\/1967-300x205.jpg 300w, https:\/\/mystifying-pike.212-227-55-109.plesk.page\/wp-content\/uploads\/2019\/07\/1967-768x526.jpg 768w, https:\/\/mystifying-pike.212-227-55-109.plesk.page\/wp-content\/uploads\/2019\/07\/1967-508x348.jpg 508w, https:\/\/mystifying-pike.212-227-55-109.plesk.page\/wp-content\/uploads\/2019\/07\/1967.jpg 1221w\" sizes=\"auto, (max-width: 1024px) 100vw, 1024px\" \/><\/a><figcaption class=\"wp-element-caption\">1967<\/figcaption><\/figure>\n<\/figure>\n\n\n\n<p>Im\nJahr 1971 gelang der 1. M\u00e4nnermannschaft der Aufstieg in die 1. Kreisklasse.\nNach sofortigem Wiederabstieg kam es 1974 zum erneuten Aufstieg und dem\nlangj\u00e4hrigen Verbleib in der h\u00f6chsten Spielklasse der Stadt. <\/p>\n\n\n\n<figure class=\"wp-block-gallery has-nested-images columns-default is-cropped wp-block-gallery-3 is-layout-flex wp-block-gallery-is-layout-flex\">\n<figure class=\"wp-block-image size-large\"><a href=\"https:\/\/mystifying-pike.212-227-55-109.plesk.page\/wp-content\/uploads\/2019\/07\/1973.jpg\"><img loading=\"lazy\" decoding=\"async\" width=\"1024\" height=\"786\" data-id=\"425\" src=\"https:\/\/mystifying-pike.212-227-55-109.plesk.page\/wp-content\/uploads\/2019\/07\/1973-1024x786.jpg\" alt=\"\" class=\"wp-image-425\" srcset=\"https:\/\/mystifying-pike.212-227-55-109.plesk.page\/wp-content\/uploads\/2019\/07\/1973-1024x786.jpg 1024w, https:\/\/mystifying-pike.212-227-55-109.plesk.page\/wp-content\/uploads\/2019\/07\/1973-300x230.jpg 300w, https:\/\/mystifying-pike.212-227-55-109.plesk.page\/wp-content\/uploads\/2019\/07\/1973-768x590.jpg 768w, https:\/\/mystifying-pike.212-227-55-109.plesk.page\/wp-content\/uploads\/2019\/07\/1973-1240x952.jpg 1240w, https:\/\/mystifying-pike.212-227-55-109.plesk.page\/wp-content\/uploads\/2019\/07\/1973-508x390.jpg 508w\" sizes=\"auto, (max-width: 1024px) 100vw, 1024px\" \/><\/a><figcaption class=\"wp-element-caption\">Mannschaft 1973<\/figcaption><\/figure>\n\n\n\n<figure class=\"wp-block-image size-large\"><a href=\"https:\/\/mystifying-pike.212-227-55-109.plesk.page\/wp-content\/uploads\/2019\/07\/1974.jpg\"><img loading=\"lazy\" decoding=\"async\" width=\"1003\" height=\"611\" data-id=\"426\" src=\"https:\/\/mystifying-pike.212-227-55-109.plesk.page\/wp-content\/uploads\/2019\/07\/1974.jpg\" alt=\"\" class=\"wp-image-426\" srcset=\"https:\/\/mystifying-pike.212-227-55-109.plesk.page\/wp-content\/uploads\/2019\/07\/1974.jpg 1003w, https:\/\/mystifying-pike.212-227-55-109.plesk.page\/wp-content\/uploads\/2019\/07\/1974-300x183.jpg 300w, https:\/\/mystifying-pike.212-227-55-109.plesk.page\/wp-content\/uploads\/2019\/07\/1974-768x468.jpg 768w, https:\/\/mystifying-pike.212-227-55-109.plesk.page\/wp-content\/uploads\/2019\/07\/1974-508x309.jpg 508w\" sizes=\"auto, (max-width: 1003px) 100vw, 1003px\" \/><\/a><figcaption class=\"wp-element-caption\">Mannschaft 1974<\/figcaption><\/figure>\n\n\n\n<figure class=\"wp-block-image size-large\"><a href=\"https:\/\/mystifying-pike.212-227-55-109.plesk.page\/wp-content\/uploads\/2019\/07\/1971-1.jpg\"><img loading=\"lazy\" decoding=\"async\" width=\"1024\" height=\"743\" data-id=\"430\" src=\"https:\/\/mystifying-pike.212-227-55-109.plesk.page\/wp-content\/uploads\/2019\/07\/1971-1-1024x743.jpg\" alt=\"\" class=\"wp-image-430\" srcset=\"https:\/\/mystifying-pike.212-227-55-109.plesk.page\/wp-content\/uploads\/2019\/07\/1971-1-1024x743.jpg 1024w, https:\/\/mystifying-pike.212-227-55-109.plesk.page\/wp-content\/uploads\/2019\/07\/1971-1-300x218.jpg 300w, https:\/\/mystifying-pike.212-227-55-109.plesk.page\/wp-content\/uploads\/2019\/07\/1971-1-768x557.jpg 768w, https:\/\/mystifying-pike.212-227-55-109.plesk.page\/wp-content\/uploads\/2019\/07\/1971-1-508x368.jpg 508w, https:\/\/mystifying-pike.212-227-55-109.plesk.page\/wp-content\/uploads\/2019\/07\/1971-1.jpg 1037w\" sizes=\"auto, (max-width: 1024px) 100vw, 1024px\" \/><\/a><figcaption class=\"wp-element-caption\">Mannschaft 1971<\/figcaption><\/figure>\n<\/figure>\n\n\n\n<p>1978\nerfolgte der Aufbau eines Juniorenteams.<\/p>\n\n\n\n<figure class=\"wp-block-gallery has-nested-images columns-default is-cropped wp-block-gallery-4 is-layout-flex wp-block-gallery-is-layout-flex\">\n<figure class=\"wp-block-image size-large\"><a href=\"https:\/\/mystifying-pike.212-227-55-109.plesk.page\/wp-content\/uploads\/2019\/07\/1978-FDGB-Pokalsieg.jpg\"><img loading=\"lazy\" decoding=\"async\" width=\"1024\" height=\"750\" data-id=\"427\" src=\"https:\/\/mystifying-pike.212-227-55-109.plesk.page\/wp-content\/uploads\/2019\/07\/1978-FDGB-Pokalsieg-1024x750.jpg\" alt=\"\" class=\"wp-image-427\" srcset=\"https:\/\/mystifying-pike.212-227-55-109.plesk.page\/wp-content\/uploads\/2019\/07\/1978-FDGB-Pokalsieg-1024x750.jpg 1024w, https:\/\/mystifying-pike.212-227-55-109.plesk.page\/wp-content\/uploads\/2019\/07\/1978-FDGB-Pokalsieg-300x220.jpg 300w, https:\/\/mystifying-pike.212-227-55-109.plesk.page\/wp-content\/uploads\/2019\/07\/1978-FDGB-Pokalsieg-768x562.jpg 768w, https:\/\/mystifying-pike.212-227-55-109.plesk.page\/wp-content\/uploads\/2019\/07\/1978-FDGB-Pokalsieg-1240x908.jpg 1240w, https:\/\/mystifying-pike.212-227-55-109.plesk.page\/wp-content\/uploads\/2019\/07\/1978-FDGB-Pokalsieg-508x372.jpg 508w\" sizes=\"auto, (max-width: 1024px) 100vw, 1024px\" \/><\/a><figcaption class=\"wp-element-caption\">Mannschaft 1978<\/figcaption><\/figure>\n\n\n\n<figure class=\"wp-block-image size-large\"><a href=\"https:\/\/mystifying-pike.212-227-55-109.plesk.page\/wp-content\/uploads\/2019\/07\/1978-Jahrestagspokalsieger.jpg\"><img loading=\"lazy\" decoding=\"async\" width=\"1024\" height=\"984\" data-id=\"428\" src=\"https:\/\/mystifying-pike.212-227-55-109.plesk.page\/wp-content\/uploads\/2019\/07\/1978-Jahrestagspokalsieger-1024x984.jpg\" alt=\"\" class=\"wp-image-428\" srcset=\"https:\/\/mystifying-pike.212-227-55-109.plesk.page\/wp-content\/uploads\/2019\/07\/1978-Jahrestagspokalsieger-1024x984.jpg 1024w, https:\/\/mystifying-pike.212-227-55-109.plesk.page\/wp-content\/uploads\/2019\/07\/1978-Jahrestagspokalsieger-300x288.jpg 300w, https:\/\/mystifying-pike.212-227-55-109.plesk.page\/wp-content\/uploads\/2019\/07\/1978-Jahrestagspokalsieger-768x738.jpg 768w, https:\/\/mystifying-pike.212-227-55-109.plesk.page\/wp-content\/uploads\/2019\/07\/1978-Jahrestagspokalsieger-1240x1191.jpg 1240w, https:\/\/mystifying-pike.212-227-55-109.plesk.page\/wp-content\/uploads\/2019\/07\/1978-Jahrestagspokalsieger-508x488.jpg 508w, https:\/\/mystifying-pike.212-227-55-109.plesk.page\/wp-content\/uploads\/2019\/07\/1978-Jahrestagspokalsieger.jpg 1832w\" sizes=\"auto, (max-width: 1024px) 100vw, 1024px\" \/><\/a><figcaption class=\"wp-element-caption\">Jahrestagpokalsieger<\/figcaption><\/figure>\n\n\n\n<figure class=\"wp-block-image size-large\"><a href=\"https:\/\/mystifying-pike.212-227-55-109.plesk.page\/wp-content\/uploads\/2019\/07\/1978.jpg\"><img loading=\"lazy\" decoding=\"async\" width=\"510\" height=\"711\" data-id=\"429\" src=\"https:\/\/mystifying-pike.212-227-55-109.plesk.page\/wp-content\/uploads\/2019\/07\/1978.jpg\" alt=\"\" class=\"wp-image-429\" srcset=\"https:\/\/mystifying-pike.212-227-55-109.plesk.page\/wp-content\/uploads\/2019\/07\/1978.jpg 510w, https:\/\/mystifying-pike.212-227-55-109.plesk.page\/wp-content\/uploads\/2019\/07\/1978-215x300.jpg 215w, https:\/\/mystifying-pike.212-227-55-109.plesk.page\/wp-content\/uploads\/2019\/07\/1978-508x708.jpg 508w\" sizes=\"auto, (max-width: 510px) 100vw, 510px\" \/><\/a><figcaption class=\"wp-element-caption\">Zeitungsartikel 78<\/figcaption><\/figure>\n<\/figure>\n\n\n\n<p>In\ndiesem Jahr gelangen au\u00dferdem der Gewinn des FDGB-Kreispokals sowie des\nJahrestagspokals.<\/p>\n\n\n\n<p>1979\nfolgte der Vizemeistertitel.<\/p>\n\n\n\n<figure class=\"wp-block-gallery has-nested-images columns-default is-cropped wp-block-gallery-5 is-layout-flex wp-block-gallery-is-layout-flex\">\n<figure class=\"wp-block-image size-large\"><a href=\"https:\/\/mystifying-pike.212-227-55-109.plesk.page\/wp-content\/uploads\/2019\/07\/1986.jpg\"><img loading=\"lazy\" decoding=\"async\" width=\"1024\" height=\"710\" data-id=\"431\" src=\"https:\/\/mystifying-pike.212-227-55-109.plesk.page\/wp-content\/uploads\/2019\/07\/1986-1024x710.jpg\" alt=\"\" class=\"wp-image-431\" srcset=\"https:\/\/mystifying-pike.212-227-55-109.plesk.page\/wp-content\/uploads\/2019\/07\/1986-1024x710.jpg 1024w, https:\/\/mystifying-pike.212-227-55-109.plesk.page\/wp-content\/uploads\/2019\/07\/1986-300x208.jpg 300w, https:\/\/mystifying-pike.212-227-55-109.plesk.page\/wp-content\/uploads\/2019\/07\/1986-768x532.jpg 768w, https:\/\/mystifying-pike.212-227-55-109.plesk.page\/wp-content\/uploads\/2019\/07\/1986-1240x859.jpg 1240w, https:\/\/mystifying-pike.212-227-55-109.plesk.page\/wp-content\/uploads\/2019\/07\/1986-508x352.jpg 508w, https:\/\/mystifying-pike.212-227-55-109.plesk.page\/wp-content\/uploads\/2019\/07\/1986.jpg 1671w\" sizes=\"auto, (max-width: 1024px) 100vw, 1024px\" \/><\/a><figcaption class=\"wp-element-caption\">Mannschaft 1986<\/figcaption><\/figure>\n<\/figure>\n\n\n\n<p>Nach\n5-j\u00e4hriger Zweitklassigkeit spielte die 1. M\u00e4nnermannschaft ab 1987 wieder in\nder h\u00f6chsten Spielklasse.<\/p>\n\n\n\n<figure class=\"wp-block-gallery has-nested-images columns-default is-cropped wp-block-gallery-6 is-layout-flex wp-block-gallery-is-layout-flex\"><\/figure>\n\n\n\n<p>Am\n27.11.1990 erfolgte die Gr\u00fcndung der FV Hafen Dresden e.V. aus der Sektion\nFu\u00dfball der BSG Hafen Dresden.<\/p>\n\n\n\n<figure class=\"wp-block-gallery has-nested-images columns-default is-cropped wp-block-gallery-7 is-layout-flex wp-block-gallery-is-layout-flex\">\n<figure class=\"wp-block-image size-large\"><a href=\"https:\/\/mystifying-pike.212-227-55-109.plesk.page\/wp-content\/uploads\/2019\/07\/1991.jpg\"><img loading=\"lazy\" decoding=\"async\" width=\"1024\" height=\"749\" data-id=\"433\" src=\"https:\/\/mystifying-pike.212-227-55-109.plesk.page\/wp-content\/uploads\/2019\/07\/1991-1024x749.jpg\" alt=\"\" class=\"wp-image-433\" srcset=\"https:\/\/mystifying-pike.212-227-55-109.plesk.page\/wp-content\/uploads\/2019\/07\/1991-1024x749.jpg 1024w, https:\/\/mystifying-pike.212-227-55-109.plesk.page\/wp-content\/uploads\/2019\/07\/1991-300x219.jpg 300w, https:\/\/mystifying-pike.212-227-55-109.plesk.page\/wp-content\/uploads\/2019\/07\/1991-768x562.jpg 768w, https:\/\/mystifying-pike.212-227-55-109.plesk.page\/wp-content\/uploads\/2019\/07\/1991-508x372.jpg 508w, https:\/\/mystifying-pike.212-227-55-109.plesk.page\/wp-content\/uploads\/2019\/07\/1991.jpg 1232w\" sizes=\"auto, (max-width: 1024px) 100vw, 1024px\" \/><\/a><figcaption class=\"wp-element-caption\">Mannschaft 1991<\/figcaption><\/figure>\n\n\n\n<figure class=\"wp-block-image size-large\"><a href=\"https:\/\/mystifying-pike.212-227-55-109.plesk.page\/wp-content\/uploads\/2019\/07\/1992.jpg\"><img loading=\"lazy\" decoding=\"async\" width=\"1024\" height=\"603\" data-id=\"434\" src=\"https:\/\/mystifying-pike.212-227-55-109.plesk.page\/wp-content\/uploads\/2019\/07\/1992-1024x603.jpg\" alt=\"\" class=\"wp-image-434\" srcset=\"https:\/\/mystifying-pike.212-227-55-109.plesk.page\/wp-content\/uploads\/2019\/07\/1992-1024x603.jpg 1024w, https:\/\/mystifying-pike.212-227-55-109.plesk.page\/wp-content\/uploads\/2019\/07\/1992-300x177.jpg 300w, https:\/\/mystifying-pike.212-227-55-109.plesk.page\/wp-content\/uploads\/2019\/07\/1992-768x452.jpg 768w, https:\/\/mystifying-pike.212-227-55-109.plesk.page\/wp-content\/uploads\/2019\/07\/1992-1240x730.jpg 1240w, https:\/\/mystifying-pike.212-227-55-109.plesk.page\/wp-content\/uploads\/2019\/07\/1992-508x299.jpg 508w\" sizes=\"auto, (max-width: 1024px) 100vw, 1024px\" \/><\/a><figcaption class=\"wp-element-caption\">Mannschaft 1992<\/figcaption><\/figure>\n<\/figure>\n\n\n\n<p>1993\nfolgte ein erfolgreiches Jahr mit dem 3. Platz in der Stadtliga und dem\nAufstieg der 2. M\u00e4nnermannschaft in die 1. Stadtklasse.<\/p>\n\n\n\n<figure class=\"wp-block-gallery has-nested-images columns-default is-cropped wp-block-gallery-8 is-layout-flex wp-block-gallery-is-layout-flex\">\n<figure class=\"wp-block-image size-large\"><a href=\"https:\/\/mystifying-pike.212-227-55-109.plesk.page\/wp-content\/uploads\/2019\/07\/spiel1.jpg\"><img loading=\"lazy\" decoding=\"async\" width=\"1024\" height=\"909\" data-id=\"437\" src=\"https:\/\/mystifying-pike.212-227-55-109.plesk.page\/wp-content\/uploads\/2019\/07\/spiel1-1024x909.jpg\" alt=\"\" class=\"wp-image-437\" srcset=\"https:\/\/mystifying-pike.212-227-55-109.plesk.page\/wp-content\/uploads\/2019\/07\/spiel1-1024x909.jpg 1024w, https:\/\/mystifying-pike.212-227-55-109.plesk.page\/wp-content\/uploads\/2019\/07\/spiel1-300x266.jpg 300w, https:\/\/mystifying-pike.212-227-55-109.plesk.page\/wp-content\/uploads\/2019\/07\/spiel1-768x682.jpg 768w, https:\/\/mystifying-pike.212-227-55-109.plesk.page\/wp-content\/uploads\/2019\/07\/spiel1-1240x1101.jpg 1240w, https:\/\/mystifying-pike.212-227-55-109.plesk.page\/wp-content\/uploads\/2019\/07\/spiel1-508x451.jpg 508w, https:\/\/mystifying-pike.212-227-55-109.plesk.page\/wp-content\/uploads\/2019\/07\/spiel1.jpg 1500w\" sizes=\"auto, (max-width: 1024px) 100vw, 1024px\" \/><\/a><\/figure>\n\n\n\n<figure class=\"wp-block-image size-large\"><a href=\"https:\/\/mystifying-pike.212-227-55-109.plesk.page\/wp-content\/uploads\/2019\/07\/zeitung1.jpg\"><img loading=\"lazy\" decoding=\"async\" width=\"999\" height=\"1024\" data-id=\"438\" src=\"https:\/\/mystifying-pike.212-227-55-109.plesk.page\/wp-content\/uploads\/2019\/07\/zeitung1-999x1024.jpg\" alt=\"\" class=\"wp-image-438\" srcset=\"https:\/\/mystifying-pike.212-227-55-109.plesk.page\/wp-content\/uploads\/2019\/07\/zeitung1-999x1024.jpg 999w, https:\/\/mystifying-pike.212-227-55-109.plesk.page\/wp-content\/uploads\/2019\/07\/zeitung1-293x300.jpg 293w, https:\/\/mystifying-pike.212-227-55-109.plesk.page\/wp-content\/uploads\/2019\/07\/zeitung1-768x787.jpg 768w, https:\/\/mystifying-pike.212-227-55-109.plesk.page\/wp-content\/uploads\/2019\/07\/zeitung1-1240x1271.jpg 1240w, https:\/\/mystifying-pike.212-227-55-109.plesk.page\/wp-content\/uploads\/2019\/07\/zeitung1-508x521.jpg 508w, https:\/\/mystifying-pike.212-227-55-109.plesk.page\/wp-content\/uploads\/2019\/07\/zeitung1.jpg 1820w\" sizes=\"auto, (max-width: 999px) 100vw, 999px\" \/><\/a><\/figure>\n<\/figure>\n\n\n\n<p>1998\nkam es zum Abstieg der 1. M\u00e4nnermannschaft in die 1. Stadtklasse.<\/p>\n\n\n\n<p>Durch\ndas Hochwasser 2002 verlor der Verein seine Spielst\u00e4tte an der Ostra-Allee. Der\nSpiel- und Vereinsbetrieb konnte auf dem Sportgel\u00e4nde Williamstra\u00dfe 12\nfortgef\u00fchrt werden. Es folgte die Entscheidung der Vereinsmitglieder zum\ndauerhaften Verbleib auf dieser Spielst\u00e4tte.<\/p>\n\n\n\n<figure class=\"wp-block-gallery has-nested-images columns-default is-cropped wp-block-gallery-9 is-layout-flex wp-block-gallery-is-layout-flex\">\n<figure class=\"wp-block-image size-large\"><a href=\"https:\/\/mystifying-pike.212-227-55-109.plesk.page\/wp-content\/uploads\/2019\/07\/gebaeude62-1.jpg\"><img loading=\"lazy\" decoding=\"async\" width=\"1024\" height=\"618\" data-id=\"440\" src=\"https:\/\/mystifying-pike.212-227-55-109.plesk.page\/wp-content\/uploads\/2019\/07\/gebaeude62-1-1024x618.jpg\" alt=\"\" class=\"wp-image-440\" srcset=\"https:\/\/mystifying-pike.212-227-55-109.plesk.page\/wp-content\/uploads\/2019\/07\/gebaeude62-1.jpg 1024w, https:\/\/mystifying-pike.212-227-55-109.plesk.page\/wp-content\/uploads\/2019\/07\/gebaeude62-1-300x181.jpg 300w, https:\/\/mystifying-pike.212-227-55-109.plesk.page\/wp-content\/uploads\/2019\/07\/gebaeude62-1-768x464.jpg 768w, https:\/\/mystifying-pike.212-227-55-109.plesk.page\/wp-content\/uploads\/2019\/07\/gebaeude62-1-508x307.jpg 508w\" sizes=\"auto, (max-width: 1024px) 100vw, 1024px\" \/><\/a><figcaption class=\"wp-element-caption\">Altes Hafengeb\u00e4ude<\/figcaption><\/figure>\n\n\n\n<figure class=\"wp-block-image size-large\"><a href=\"https:\/\/mystifying-pike.212-227-55-109.plesk.page\/wp-content\/uploads\/2019\/07\/gebaeude99.jpg\"><img loading=\"lazy\" decoding=\"async\" width=\"1024\" height=\"572\" data-id=\"441\" src=\"https:\/\/mystifying-pike.212-227-55-109.plesk.page\/wp-content\/uploads\/2019\/07\/gebaeude99-1024x572.jpg\" alt=\"\" class=\"wp-image-441\" srcset=\"https:\/\/mystifying-pike.212-227-55-109.plesk.page\/wp-content\/uploads\/2019\/07\/gebaeude99-1024x572.jpg 1024w, https:\/\/mystifying-pike.212-227-55-109.plesk.page\/wp-content\/uploads\/2019\/07\/gebaeude99-300x168.jpg 300w, https:\/\/mystifying-pike.212-227-55-109.plesk.page\/wp-content\/uploads\/2019\/07\/gebaeude99-768x429.jpg 768w, https:\/\/mystifying-pike.212-227-55-109.plesk.page\/wp-content\/uploads\/2019\/07\/gebaeude99-1240x693.jpg 1240w, https:\/\/mystifying-pike.212-227-55-109.plesk.page\/wp-content\/uploads\/2019\/07\/gebaeude99-508x284.jpg 508w\" sizes=\"auto, (max-width: 1024px) 100vw, 1024px\" \/><\/a><figcaption class=\"wp-element-caption\">Altes Hafengeb\u00e4ude<\/figcaption><\/figure>\n\n\n\n<figure class=\"wp-block-image size-large\"><a href=\"https:\/\/mystifying-pike.212-227-55-109.plesk.page\/wp-content\/uploads\/2019\/07\/hafen1-1.jpg\"><img loading=\"lazy\" decoding=\"async\" width=\"1024\" height=\"768\" data-id=\"442\" src=\"https:\/\/mystifying-pike.212-227-55-109.plesk.page\/wp-content\/uploads\/2019\/07\/hafen1-1-1024x768.jpg\" alt=\"\" class=\"wp-image-442\" srcset=\"https:\/\/mystifying-pike.212-227-55-109.plesk.page\/wp-content\/uploads\/2019\/07\/hafen1-1-1024x768.jpg 1024w, https:\/\/mystifying-pike.212-227-55-109.plesk.page\/wp-content\/uploads\/2019\/07\/hafen1-1-300x225.jpg 300w, https:\/\/mystifying-pike.212-227-55-109.plesk.page\/wp-content\/uploads\/2019\/07\/hafen1-1-768x576.jpg 768w, https:\/\/mystifying-pike.212-227-55-109.plesk.page\/wp-content\/uploads\/2019\/07\/hafen1-1-1240x930.jpg 1240w, https:\/\/mystifying-pike.212-227-55-109.plesk.page\/wp-content\/uploads\/2019\/07\/hafen1-1-508x381.jpg 508w\" sizes=\"auto, (max-width: 1024px) 100vw, 1024px\" \/><\/a><figcaption class=\"wp-element-caption\">SpA Saalhausener Str.<\/figcaption><\/figure>\n\n\n\n<figure class=\"wp-block-image size-large\"><a href=\"https:\/\/mystifying-pike.212-227-55-109.plesk.page\/wp-content\/uploads\/2019\/07\/IMG_8636-1.jpg\"><img loading=\"lazy\" decoding=\"async\" width=\"1024\" height=\"576\" data-id=\"443\" src=\"https:\/\/mystifying-pike.212-227-55-109.plesk.page\/wp-content\/uploads\/2019\/07\/IMG_8636-1-1024x576.jpg\" alt=\"\" class=\"wp-image-443\" srcset=\"https:\/\/mystifying-pike.212-227-55-109.plesk.page\/wp-content\/uploads\/2019\/07\/IMG_8636-1-1024x576.jpg 1024w, https:\/\/mystifying-pike.212-227-55-109.plesk.page\/wp-content\/uploads\/2019\/07\/IMG_8636-1-300x169.jpg 300w, https:\/\/mystifying-pike.212-227-55-109.plesk.page\/wp-content\/uploads\/2019\/07\/IMG_8636-1-768x432.jpg 768w, https:\/\/mystifying-pike.212-227-55-109.plesk.page\/wp-content\/uploads\/2019\/07\/IMG_8636-1-1240x698.jpg 1240w, https:\/\/mystifying-pike.212-227-55-109.plesk.page\/wp-content\/uploads\/2019\/07\/IMG_8636-1-508x286.jpg 508w\" sizes=\"auto, (max-width: 1024px) 100vw, 1024px\" \/><\/a><figcaption class=\"wp-element-caption\">Neubau Vereinsgb\u00e4ude 2019<\/figcaption><\/figure>\n<\/figure>\n\n\n\n<p>2006 gelang der 1. M\u00e4nnermannschaft der Wiederaufstieg in die Kreisliga, in der sie sich auch in den folgenden Jahren behaupten konnte. Im Jahr 2010 wurden die Stadtligen in die Gruppen A, B und C neugeordnet. <\/p>\n\n\n\n<figure class=\"wp-block-gallery has-nested-images columns-default is-cropped wp-block-gallery-10 is-layout-flex wp-block-gallery-is-layout-flex\">\n<figure class=\"wp-block-image size-large\"><a href=\"https:\/\/mystifying-pike.212-227-55-109.plesk.page\/wp-content\/uploads\/2019\/07\/2018-09-18_11_09_22.jpg\"><img loading=\"lazy\" decoding=\"async\" width=\"1024\" height=\"814\" data-id=\"444\" src=\"https:\/\/mystifying-pike.212-227-55-109.plesk.page\/wp-content\/uploads\/2019\/07\/2018-09-18_11_09_22-1024x814.jpg\" alt=\"\" class=\"wp-image-444\" srcset=\"https:\/\/mystifying-pike.212-227-55-109.plesk.page\/wp-content\/uploads\/2019\/07\/2018-09-18_11_09_22.jpg 1024w, https:\/\/mystifying-pike.212-227-55-109.plesk.page\/wp-content\/uploads\/2019\/07\/2018-09-18_11_09_22-300x238.jpg 300w, https:\/\/mystifying-pike.212-227-55-109.plesk.page\/wp-content\/uploads\/2019\/07\/2018-09-18_11_09_22-768x611.jpg 768w, https:\/\/mystifying-pike.212-227-55-109.plesk.page\/wp-content\/uploads\/2019\/07\/2018-09-18_11_09_22-508x404.jpg 508w\" sizes=\"auto, (max-width: 1024px) 100vw, 1024px\" \/><\/a><\/figure>\n\n\n\n<figure class=\"wp-block-image size-large\"><a href=\"https:\/\/mystifying-pike.212-227-55-109.plesk.page\/wp-content\/uploads\/2019\/07\/2018-09-18_11_09_57.jpg\"><img loading=\"lazy\" decoding=\"async\" width=\"1024\" height=\"784\" data-id=\"445\" src=\"https:\/\/mystifying-pike.212-227-55-109.plesk.page\/wp-content\/uploads\/2019\/07\/2018-09-18_11_09_57-1024x784.jpg\" alt=\"\" class=\"wp-image-445\" srcset=\"https:\/\/mystifying-pike.212-227-55-109.plesk.page\/wp-content\/uploads\/2019\/07\/2018-09-18_11_09_57.jpg 1024w, https:\/\/mystifying-pike.212-227-55-109.plesk.page\/wp-content\/uploads\/2019\/07\/2018-09-18_11_09_57-300x230.jpg 300w, https:\/\/mystifying-pike.212-227-55-109.plesk.page\/wp-content\/uploads\/2019\/07\/2018-09-18_11_09_57-768x588.jpg 768w, https:\/\/mystifying-pike.212-227-55-109.plesk.page\/wp-content\/uploads\/2019\/07\/2018-09-18_11_09_57-508x389.jpg 508w\" sizes=\"auto, (max-width: 1024px) 100vw, 1024px\" \/><\/a><figcaption class=\"wp-element-caption\">2010<\/figcaption><\/figure>\n\n\n\n<figure class=\"wp-block-image size-large\"><a href=\"https:\/\/mystifying-pike.212-227-55-109.plesk.page\/wp-content\/uploads\/2019\/07\/PopDotComics1459862121.jpg\"><img loading=\"lazy\" decoding=\"async\" width=\"1022\" height=\"1024\" data-id=\"446\" src=\"https:\/\/mystifying-pike.212-227-55-109.plesk.page\/wp-content\/uploads\/2019\/07\/PopDotComics1459862121-1022x1024.jpg\" alt=\"\" class=\"wp-image-446\" srcset=\"https:\/\/mystifying-pike.212-227-55-109.plesk.page\/wp-content\/uploads\/2019\/07\/PopDotComics1459862121-1022x1024.jpg 1022w, https:\/\/mystifying-pike.212-227-55-109.plesk.page\/wp-content\/uploads\/2019\/07\/PopDotComics1459862121-150x150.jpg 150w, https:\/\/mystifying-pike.212-227-55-109.plesk.page\/wp-content\/uploads\/2019\/07\/PopDotComics1459862121-300x300.jpg 300w, https:\/\/mystifying-pike.212-227-55-109.plesk.page\/wp-content\/uploads\/2019\/07\/PopDotComics1459862121-768x770.jpg 768w, https:\/\/mystifying-pike.212-227-55-109.plesk.page\/wp-content\/uploads\/2019\/07\/PopDotComics1459862121-1240x1242.jpg 1240w, https:\/\/mystifying-pike.212-227-55-109.plesk.page\/wp-content\/uploads\/2019\/07\/PopDotComics1459862121-508x509.jpg 508w, https:\/\/mystifying-pike.212-227-55-109.plesk.page\/wp-content\/uploads\/2019\/07\/PopDotComics1459862121.jpg 1997w\" sizes=\"auto, (max-width: 1022px) 100vw, 1022px\" \/><\/a><\/figure>\n\n\n\n<figure class=\"wp-block-image size-large\"><a href=\"https:\/\/mystifying-pike.212-227-55-109.plesk.page\/wp-content\/uploads\/2019\/07\/PopDotComics1784850897.jpg\"><img loading=\"lazy\" decoding=\"async\" width=\"1024\" height=\"533\" data-id=\"447\" src=\"https:\/\/mystifying-pike.212-227-55-109.plesk.page\/wp-content\/uploads\/2019\/07\/PopDotComics1784850897-1024x533.jpg\" alt=\"\" class=\"wp-image-447\" srcset=\"https:\/\/mystifying-pike.212-227-55-109.plesk.page\/wp-content\/uploads\/2019\/07\/PopDotComics1784850897-1024x533.jpg 1024w, https:\/\/mystifying-pike.212-227-55-109.plesk.page\/wp-content\/uploads\/2019\/07\/PopDotComics1784850897-300x156.jpg 300w, https:\/\/mystifying-pike.212-227-55-109.plesk.page\/wp-content\/uploads\/2019\/07\/PopDotComics1784850897-768x399.jpg 768w, https:\/\/mystifying-pike.212-227-55-109.plesk.page\/wp-content\/uploads\/2019\/07\/PopDotComics1784850897-1240x645.jpg 1240w, https:\/\/mystifying-pike.212-227-55-109.plesk.page\/wp-content\/uploads\/2019\/07\/PopDotComics1784850897-508x264.jpg 508w\" sizes=\"auto, (max-width: 1024px) 100vw, 1024px\" \/><\/a><figcaption class=\"wp-element-caption\">2010<\/figcaption><\/figure>\n<\/figure>\n\n\n\n<p>In der Saison 2010\/2011 folgte der Aufstieg in die Stadtliga A. In der Saison 2014\/2015 spielte die 1. M\u00e4nner lange Zeit um den Aufstieg in die Sparkassenoberliga mit. Nach dieser Saison trat jedoch mit dem Abstieg in die Stadtliga B Ern\u00fcchterung ein. Viele Spieler verlie\u00dfen daraufhin den Verein, die Spieler der 2. M\u00e4nner r\u00fcckten in das erste Team auf. Seither spielt der FV Hafen j\u00e4hrlich gegen den Abstieg.<\/p>\n\n\n\n<p>Die Saison 2018\/2019 konnte unter den Cheftrainern Andreas Kramer und Tony Wartig fr\u00fchzeitig mit dem Klassenerhalt erfolgreich abgeschlossen werden. Die vor 2 Jahren installierte Spielgemeinschaft mit dem VfB 90 Dresden musste hingegen &#8211; auf Grund Spielermangel &#8211; aufgel\u00f6st werden. Der VfB 90 wurde 2019 in den FV Hafen integriert \u2013 die Sportgruppe Tennis kam hinzu und ist ab sofort Bestandteil unseres Vereins.<\/p>\n\n\n\n<p>Die Saison 2019\/2020 musste wegen der Corona-Pandemie abgebrochen werden. Zum Zeitpunkt des Abbruchs befand sich die 1. M\u00e4nner in akuten Abstiegsn\u00f6ten. Der Stadtverband wertete das Ende der Saison, dass es keine Absteiger geben wird. In der Saison 21\/22 erreichte die 1. M\u00e4nner mit Platz 1 in der Vorrunde und Platz 2 in den Playoffs den gr\u00f6\u00dften Erfolg in den letzten 6 Jahren. Leider wurde jedoch die R\u00fcckkehr in die Stadtliga A verpasst.<\/p>\n\n\n\n<figure class=\"wp-block-image\"><img loading=\"lazy\" decoding=\"async\" width=\"800\" height=\"456\" src=\"https:\/\/mystifying-pike.212-227-55-109.plesk.page\/wp-content\/uploads\/2019\/07\/2EFAC6C9-02B6-43AD-842B-C8F2148DCB9E.jpeg\" alt=\"\" class=\"wp-image-145\" srcset=\"https:\/\/mystifying-pike.212-227-55-109.plesk.page\/wp-content\/uploads\/2019\/07\/2EFAC6C9-02B6-43AD-842B-C8F2148DCB9E.jpeg 800w, https:\/\/mystifying-pike.212-227-55-109.plesk.page\/wp-content\/uploads\/2019\/07\/2EFAC6C9-02B6-43AD-842B-C8F2148DCB9E-300x171.jpeg 300w, https:\/\/mystifying-pike.212-227-55-109.plesk.page\/wp-content\/uploads\/2019\/07\/2EFAC6C9-02B6-43AD-842B-C8F2148DCB9E-768x438.jpeg 768w, https:\/\/mystifying-pike.212-227-55-109.plesk.page\/wp-content\/uploads\/2019\/07\/2EFAC6C9-02B6-43AD-842B-C8F2148DCB9E-508x290.jpeg 508w\" sizes=\"auto, (max-width: 800px) 100vw, 800px\" \/><figcaption class=\"wp-element-caption\">Mannschaft 2018\/2019<\/figcaption><\/figure>\n\n\n\n<p>Durch die Erneuerung der Flutlichtanlage im Jahr 2007 und dem Bau eines Kunstrasenplatzes sind f\u00fcr die Zukunft beste Bedingungen f\u00fcr alle Mannschaften gegeben. Seit dem Fr\u00fchjahr 2021 sind wir beheimatet auf der Saalhausener Stra\u00dfe 30. Ein modernes Funktionsgeb\u00e4ude sowie ein neuer Kunstrasenplatz wurden durch die Stadt Dresden errichtet. Zeitgleich wurden Kooperationsvertr\u00e4ge mit der SG Dynamo Dresden (Walking Football \u00dc55) sowie dem Fussballcampus Dresden e.V. (Jugendfussball) geschlossen. <\/p>\n\n\n\n<p>Nach 8 Jahren in der Stadtliga B hat es die 1. M\u00e4nner wieder in die Stadtliga A geschafft. Der Aufstieg wurde zwar am vorletzten Spieltag verspielt, jedoch profitiert der Hafen von einer Neur\u00fcckregelung als Tabellendritter. In der folgenden Spielzeit hatte die 1. nichts mit den Abstieg zu tun und konnte als Tabellen 10. die Saison beenden. <\/p>\n\n\n\n<figure class=\"wp-block-image size-large\"><img loading=\"lazy\" decoding=\"async\" width=\"1024\" height=\"768\" src=\"https:\/\/mystifying-pike.212-227-55-109.plesk.page\/wp-content\/uploads\/2019\/07\/5822FBE9-3EF9-4972-A5A1-B67389123D42-1024x768.jpeg\" alt=\"\" class=\"wp-image-1091\" srcset=\"https:\/\/mystifying-pike.212-227-55-109.plesk.page\/wp-content\/uploads\/2019\/07\/5822FBE9-3EF9-4972-A5A1-B67389123D42-1024x768.jpeg 1024w, https:\/\/mystifying-pike.212-227-55-109.plesk.page\/wp-content\/uploads\/2019\/07\/5822FBE9-3EF9-4972-A5A1-B67389123D42-300x225.jpeg 300w, https:\/\/mystifying-pike.212-227-55-109.plesk.page\/wp-content\/uploads\/2019\/07\/5822FBE9-3EF9-4972-A5A1-B67389123D42-768x576.jpeg 768w, https:\/\/mystifying-pike.212-227-55-109.plesk.page\/wp-content\/uploads\/2019\/07\/5822FBE9-3EF9-4972-A5A1-B67389123D42-1536x1152.jpeg 1536w, https:\/\/mystifying-pike.212-227-55-109.plesk.page\/wp-content\/uploads\/2019\/07\/5822FBE9-3EF9-4972-A5A1-B67389123D42-2048x1536.jpeg 2048w\" sizes=\"auto, (max-width: 1024px) 100vw, 1024px\" \/><figcaption class=\"wp-element-caption\">Mannschaft 2022\/2023<\/figcaption><\/figure>\n\n\n\n<p>Am Wochenende vom 15.06. bis 16.06.2024 feierte der FV Hafen mit einem gro\u00dfen Fest sein 75. Vereinsjubil\u00e4um. Als Highlight spielte u. a. die Ost-Fu\u00dfball-Tradtionsmannschaft mit Fu\u00dfballgr\u00f6\u00dfen wie Ralf Minge, Hartmut Schade und Thomas Ho\u00dfmang gegen unsere Altherren.<\/p>\n\n\n\n<figure class=\"wp-block-image size-large\"><img loading=\"lazy\" decoding=\"async\" width=\"1024\" height=\"768\" src=\"https:\/\/mystifying-pike.212-227-55-109.plesk.page\/wp-content\/uploads\/2019\/07\/a329f52a-0c7e-4c48-a631-2cf57cc1c088-2-1024x768.jpg\" alt=\"\" class=\"wp-image-1279\" srcset=\"https:\/\/mystifying-pike.212-227-55-109.plesk.page\/wp-content\/uploads\/2019\/07\/a329f52a-0c7e-4c48-a631-2cf57cc1c088-2-1024x768.jpg 1024w, https:\/\/mystifying-pike.212-227-55-109.plesk.page\/wp-content\/uploads\/2019\/07\/a329f52a-0c7e-4c48-a631-2cf57cc1c088-2-300x225.jpg 300w, https:\/\/mystifying-pike.212-227-55-109.plesk.page\/wp-content\/uploads\/2019\/07\/a329f52a-0c7e-4c48-a631-2cf57cc1c088-2-768x576.jpg 768w, https:\/\/mystifying-pike.212-227-55-109.plesk.page\/wp-content\/uploads\/2019\/07\/a329f52a-0c7e-4c48-a631-2cf57cc1c088-2-1536x1152.jpg 1536w, https:\/\/mystifying-pike.212-227-55-109.plesk.page\/wp-content\/uploads\/2019\/07\/a329f52a-0c7e-4c48-a631-2cf57cc1c088-2.jpg 2000w\" sizes=\"auto, (max-width: 1024px) 100vw, 1024px\" \/><figcaption class=\"wp-element-caption\">75 Jahre FV Hafen Dresden mit Ostfu\u00dfball-Traditionsmannschaft<\/figcaption><\/figure>\n\n\n\n<p>In der Saison 2024\/2025 wird der FV Hafen Dresden durch folgende Mannschaften vertreten sein:<\/p>\n\n\n\n<ul class=\"wp-block-list\">\n<li>1. M\u00e4nner: Stadtliga A<\/li>\n\n\n\n<li>2. M\u00e4nner: 1. Stadtklasse<\/li>\n\n\n\n<li>1. Altherren: 1. Stadtklasse<\/li>\n\n\n\n<li>2. Altherren (SpG mit Kickers): 2. Stadtklasse<\/li>\n\n\n\n<li>Freizeit: SpVgg Dresden-West <\/li>\n\n\n\n<li>A-Jugend (SpG mit Kickers)<\/li>\n\n\n\n<li>B-Jugend<\/li>\n\n\n\n<li>C-Junioren<\/li>\n\n\n\n<li>E-Junioren <\/li>\n\n\n\n<li>F-Junioren<\/li>\n<\/ul>\n\n\n\n<p>Stand: September 2024<\/p>\n","protected":false},"excerpt":{"rendered":"<div class=\"entry-summary\">\nchronik von 1949 bis 2019 1949 erfolgte die Gr\u00fcndung der BSG Hafen&hellip;\n<\/div>\n<div class=\"link-more\"><a href=\"https:\/\/mystifying-pike.212-227-55-109.plesk.page\/?p=249\" class=\"more-link\">Weiterlesen<\/a><\/div>\n","protected":false},"author":1,"featured_media":263,"comment_status":"closed","ping_status":"closed","sticky":false,"template":"","format":"standard","meta":{"footnotes":""},"categories":[6],"tags":[],"class_list":["post-249","post","type-post","status-publish","format-standard","has-post-thumbnail","hentry","category-verein","entry"],"_links":{"self":[{"href":"https:\/\/mystifying-pike.212-227-55-109.plesk.page\/index.php?rest_route=\/wp\/v2\/posts\/249","targetHints":{"allow":["GET"]}}],"collection":[{"href":"https:\/\/mystifying-pike.212-227-55-109.plesk.page\/index.php?rest_route=\/wp\/v2\/posts"}],"about":[{"href":"https:\/\/mystifying-pike.212-227-55-109.plesk.page\/index.php?rest_route=\/wp\/v2\/types\/post"}],"author":[{"embeddable":true,"href":"https:\/\/mystifying-pike.212-227-55-109.plesk.page\/index.php?rest_route=\/wp\/v2\/users\/1"}],"replies":[{"embeddable":true,"href":"https:\/\/mystifying-pike.212-227-55-109.plesk.page\/index.php?rest_route=%2Fwp%2Fv2%2Fcomments&post=249"}],"version-history":[{"count":40,"href":"https:\/\/mystifying-pike.212-227-55-109.plesk.page\/index.php?rest_route=\/wp\/v2\/posts\/249\/revisions"}],"predecessor-version":[{"id":1282,"href":"https:\/\/mystifying-pike.212-227-55-109.plesk.page\/index.php?rest_route=\/wp\/v2\/posts\/249\/revisions\/1282"}],"wp:featuredmedia":[{"embeddable":true,"href":"https:\/\/mystifying-pike.212-227-55-109.plesk.page\/index.php?rest_route=\/wp\/v2\/media\/263"}],"wp:attachment":[{"href":"https:\/\/mystifying-pike.212-227-55-109.plesk.page\/index.php?rest_route=%2Fwp%2Fv2%2Fmedia&parent=249"}],"wp:term":[{"taxonomy":"category","embeddable":true,"href":"https:\/\/mystifying-pike.212-227-55-109.plesk.page\/index.php?rest_route=%2Fwp%2Fv2%2Fcategories&post=249"},{"taxonomy":"post_tag","embeddable":true,"href":"https:\/\/mystifying-pike.212-227-55-109.plesk.page\/index.php?rest_route=%2Fwp%2Fv2%2Ftags&post=249"}],"curies":[{"name":"wp","href":"https:\/\/api.w.org\/{rel}","templated":true}]}}